{"id":1806,"date":"2013-03-24T11:49:28","date_gmt":"2013-03-24T10:49:28","guid":{"rendered":"http:\/\/stempelfee.bastelblogs.de\/?p=1806"},"modified":"2013-03-24T11:49:28","modified_gmt":"2013-03-24T10:49:28","slug":"osterkorbchen","status":"publish","type":"post","link":"http:\/\/stempelfee-jana.de\/?p=1806","title":{"rendered":"Osterk\u00f6rbchen"},"content":{"rendered":"<p>Hallo ihr lieben,<br \/>\nheute m\u00f6chte ich euch ein paar Verpackungen zeigen, die ich in den vergangenen Wochen und Tagen gebastelt habe. Unteranderem ein paar Osterk\u00f6rbchen. Denn heute in einer Woche ist ja schon Ostersonntag und extra daf\u00fcr brauch ich f\u00fcr meine Kinder eine sch\u00f6ne Verpackungsidee f\u00fcr ihre Ostergeschenke. Kommenden Donnerstag wird meine \u00e4lteste schon ganze 15 Jahre jung und f\u00fcr sie glaube ich, werde ich dieses Jahr nichts mehr verstecken. Das werde ich wohl auf den Ostertisch legen oder ihr pers\u00f6nlich geben &#8230; hmmm &#8230; mal schauen. Denn in der Wohnung umher irren und Eier suchen ist total out mit 15 \ud83d\ude09 \ud83d\ude00 .<br \/>\nAnders bei meinen beiden j\u00fcngsten \ud83d\ude00 hihihi . Auch meine kleine Stieftochter wird Ostersonntag Abend zu uns kommen und ihr Osterk\u00f6rbchen suchen d\u00fcrfen.<br \/>\n&nbsp;<\/p>\n<p style=\"text-align: center\">Die Bastelanleitung f\u00fcr die Osterk\u00f6rbchen und noch sehr viel mehr, findet ihr auf der Seite <a href=\"http:\/\/www.stempeleinmaleins.blogspot.de\/search?updated-max=2013-03-09T12:00:00%2B01:00&amp;max-results=1&amp;start=2&amp;by-date=false\" target=\"_blank\" rel=\"noopener noreferrer\">stempeleinmaleins.blogspot.de<\/a> .<\/p>\n<p><a href=\"http:\/\/stempelfee.bastelblogs.de\/files\/2013\/03\/Verpackung-M\u00e4rz.jpg\"><img loading=\"lazy\" decoding=\"async\" class=\"aligncenter size-medium wp-image-1808\" alt=\"Verpackung M\u00e4rz\" src=\"http:\/\/stempelfee.bastelblogs.de\/files\/2013\/03\/Verpackung-M\u00e4rz-300x225.jpg\" width=\"300\" height=\"225\" srcset=\"http:\/\/stempelfee-jana.de\/wp-content\/uploads\/2013\/03\/Verpackung-M\u00e4rz-300x225.jpg 300w, http:\/\/stempelfee-jana.de\/wp-content\/uploads\/2013\/03\/Verpackung-M\u00e4rz.jpg 640w\" sizes=\"auto, (max-width: 300px) 100vw, 300px\" \/><\/a><br \/>\n<a href=\"http:\/\/stempelfee.bastelblogs.de\/files\/2013\/03\/Verpackung-M\u00e4rz-3.jpg\"><img loading=\"lazy\" decoding=\"async\" class=\"aligncenter size-medium wp-image-1811\" alt=\"Verpackung M\u00e4rz (3)\" src=\"http:\/\/stempelfee.bastelblogs.de\/files\/2013\/03\/Verpackung-M\u00e4rz-3-300x226.jpg\" width=\"300\" height=\"226\" srcset=\"http:\/\/stempelfee-jana.de\/wp-content\/uploads\/2013\/03\/Verpackung-M\u00e4rz-3-300x226.jpg 300w, http:\/\/stempelfee-jana.de\/wp-content\/uploads\/2013\/03\/Verpackung-M\u00e4rz-3.jpg 500w\" sizes=\"auto, (max-width: 300px) 100vw, 300px\" \/><\/a><br \/>\n<a href=\"http:\/\/stempelfee.bastelblogs.de\/files\/2013\/03\/Verpackung-M\u00e4rz-1.jpg\"><img loading=\"lazy\" decoding=\"async\" class=\"aligncenter size-medium wp-image-1809\" alt=\"Verpackung M\u00e4rz (1)\" src=\"http:\/\/stempelfee.bastelblogs.de\/files\/2013\/03\/Verpackung-M\u00e4rz-1-300x244.jpg\" width=\"300\" height=\"244\" \/><\/a><\/p>\n<p style=\"text-align: center\"><a href=\"http:\/\/stempelfee.bastelblogs.de\/files\/2013\/03\/Verpackung-M\u00e4rz-5.jpg\"><img loading=\"lazy\" decoding=\"async\" class=\"aligncenter size-medium wp-image-1813\" alt=\"Verpackung M\u00e4rz (5)\" src=\"http:\/\/stempelfee.bastelblogs.de\/files\/2013\/03\/Verpackung-M\u00e4rz-5-300x197.jpg\" width=\"300\" height=\"197\" srcset=\"http:\/\/stempelfee-jana.de\/wp-content\/uploads\/2013\/03\/Verpackung-M\u00e4rz-5-300x197.jpg 300w, http:\/\/stempelfee-jana.de\/wp-content\/uploads\/2013\/03\/Verpackung-M\u00e4rz-5.jpg 503w\" sizes=\"auto, (max-width: 300px) 100vw, 300px\" \/><\/a><\/p>\n<p>&nbsp;<\/p>\n<p style=\"text-align: center\">Bei diesem K\u00f6rbchen habe ich die Anleitung f\u00fcr mich etwas ge\u00e4ndert. Ich habe es 1 cm abgewinkelt(? \ud83d\ude42 ). Der Henkel ist mir etwas zu breit geraten, aber ich hatte auch eigentlich was anderes mir damit gedacht, konnte es aber nur schwer umsetzen \ud83d\ude00 . Sieht aber trotzdem neckisch aus und es passt ordentlich was rein.<\/p>\n<p style=\"text-align: center\">Der Boden ist 9cm x 15cm.<\/p>\n<p style=\"text-align: center\"><a href=\"http:\/\/stempelfee.bastelblogs.de\/files\/2013\/03\/Verpackung-M\u00e4rz-6.jpg\"><img loading=\"lazy\" decoding=\"async\" class=\"aligncenter size-medium wp-image-1814\" alt=\"Verpackung M\u00e4rz (6)\" src=\"http:\/\/stempelfee.bastelblogs.de\/files\/2013\/03\/Verpackung-M\u00e4rz-6-300x247.jpg\" width=\"300\" height=\"247\" \/><\/a><\/p>\n<p>&nbsp;<\/p>\n<p style=\"text-align: center\">Hier habe ich mir etwas \u00fcberlegt. Ich wollte eine kleine Geschenkverpackung haben die man zu Ostern verschenken kann. Und da ich die gro\u00dfe Stanze &#8222;Bigz XL Geschenkt\u00fcte&#8220; noch nicht habe, habe ich mir einfach eine Schnittanleitung selbst ausgedacht. \ud83d\ude42 Der Boden ist 3cm x 9cm und Tiefe\/H\u00f6he ca. 7,5 cm.<\/p>\n<p style=\"text-align: center\"><img loading=\"lazy\" decoding=\"async\" class=\"aligncenter size-medium wp-image-1817\" alt=\"Verpackung M\u00e4rz (9)\" src=\"http:\/\/stempelfee.bastelblogs.de\/files\/2013\/03\/Verpackung-M\u00e4rz-9-300x225.jpg\" width=\"300\" height=\"225\" srcset=\"http:\/\/stempelfee-jana.de\/wp-content\/uploads\/2013\/03\/Verpackung-M\u00e4rz-9-300x225.jpg 300w, http:\/\/stempelfee-jana.de\/wp-content\/uploads\/2013\/03\/Verpackung-M\u00e4rz-9.jpg 640w\" sizes=\"auto, (max-width: 300px) 100vw, 300px\" \/><\/p>\n<p>&nbsp;<\/p>\n<p style=\"text-align: center\">&#8230;diese kleine Eiverpackung habe ich mir f\u00fcr meinen Sohn nach gebastelt, wo zu dann ein \u00dc-Ei rein kommt. Denn er mag keine echten Gekochten Eier \ud83d\ude42 .<\/p>\n<p style=\"text-align: center\"><a href=\"http:\/\/stempelfee.bastelblogs.de\/files\/2013\/03\/Verpackung-M\u00e4rz-7.jpg\"><img loading=\"lazy\" decoding=\"async\" class=\"aligncenter size-medium wp-image-1815\" alt=\"Verpackung M\u00e4rz (7)\" src=\"http:\/\/stempelfee.bastelblogs.de\/files\/2013\/03\/Verpackung-M\u00e4rz-7-225x300.jpg\" width=\"225\" height=\"300\" srcset=\"http:\/\/stempelfee-jana.de\/wp-content\/uploads\/2013\/03\/Verpackung-M\u00e4rz-7-225x300.jpg 225w, http:\/\/stempelfee-jana.de\/wp-content\/uploads\/2013\/03\/Verpackung-M\u00e4rz-7.jpg 480w\" sizes=\"auto, (max-width: 225px) 100vw, 225px\" \/><\/a><\/p>\n<p>&nbsp;<\/p>\n<p style=\"text-align: center\">Hier nochmal die Geschenkt\u00fcte aber etwas kleiner. Der Boden ist hier 3cm x 6 cm und Tief ca. 7,5 cm.<\/p>\n<p><a href=\"http:\/\/stempelfee.bastelblogs.de\/files\/2013\/03\/Verpackung-M\u00e4rz-8.jpg\"><img loading=\"lazy\" decoding=\"async\" class=\"aligncenter size-medium wp-image-1816\" alt=\"Verpackung M\u00e4rz (8)\" src=\"http:\/\/stempelfee.bastelblogs.de\/files\/2013\/03\/Verpackung-M\u00e4rz-8-225x300.jpg\" width=\"225\" height=\"300\" srcset=\"http:\/\/stempelfee-jana.de\/wp-content\/uploads\/2013\/03\/Verpackung-M\u00e4rz-8-225x300.jpg 225w, http:\/\/stempelfee-jana.de\/wp-content\/uploads\/2013\/03\/Verpackung-M\u00e4rz-8.jpg 480w\" sizes=\"auto, (max-width: 225px) 100vw, 225px\" \/><\/a><br \/>\nJetzt werkel ich noch einige wenige K\u00f6rbchen f\u00fcr Kollegen und Freunde. Und ab morgen wird alles sch\u00f6n gef\u00fcllt und verschenkt sowie Ostergru\u00dfkarten verschickt \ud83d\ude09 .<br \/>\nBis zum n\u00e4chsten Mal \ud83d\ude42 .<br \/>\nSomit w\u00fcnsche ich euch, einen wundersch\u00f6nen sonnigen rest Sonntag und morgen einen sehr guten Start in die letzte M\u00e4rz Woche. Und ich hoffe auch letzte &#8222;Schneewoche&#8220;.<br \/>\nHerzliche Gr\u00fc\u00dfe eure Stempelfee Jana \ud83d\ude42<br \/>\nPS: Ein paar Anliegen habe ich noch an meine Treuen Leser und Leserinnen \ud83d\ude42 . Ihr d\u00fcrft gerne zu jedem Beitrag ein Kommentar hinter lassen. Ich freue mich sehr \u00fcber eure Anregungen, Kritiken oder einfach nur lieben Worte. Desweiteren habe ich auf meiner Facebook Seite schon 71 &#8222;gef\u00e4llt mir&#8220; klicks. Auf FB habe ich schon mehrfach erw\u00e4hnt, wenn ich 100 klicks zusammen habe \ud83d\ude42 , gibt es hier auf meiner Seite ein Candy Gewinnspiel dazu. Auch wird StempelfeeJana mitte Mai 1 Jahr alt. Auch hier werde ich euch die Gelegenheit geben, an meinem Geburtstagscandy teilhaben zu d\u00fcrfen. \ud83d\ude42 Schaut einfach regelm\u00e4\u00dfig vorbei! \ud83d\ude09<\/p>\n","protected":false},"excerpt":{"rendered":"<p>Hallo ihr lieben, heute m\u00f6chte ich euch ein paar Verpackungen zeigen, die ich in den vergangenen Wochen und Tagen gebastelt habe. Unteranderem ein paar Osterk\u00f6rbchen. Denn heute in einer Woche ist ja schon Ostersonntag und extra daf\u00fcr brauch ich f\u00fcr meine Kinder eine sch\u00f6ne Verpackungsidee f\u00fcr ihre Ostergeschenke. Kommenden Donnerstag wird meine \u00e4lteste schon ganze [&hellip;]<\/p>\n","protected":false},"author":1,"featured_media":0,"comment_status":"open","ping_status":"open","sticky":false,"template":"","format":"standard","meta":{"footnotes":""},"categories":[14,15],"tags":[26,56,62,65,68,83,89,96,97,105,106,108],"class_list":["post-1806","post","type-post","status-publish","format-standard","hentry","category-neuigkeiten","category-ostern","tag-apfelgruen","tag-fruehlingsgefuehle","tag-gruenbraun","tag-hasenparade","tag-himmberrot","tag-koerbchen","tag-morgenrot","tag-ostergruss","tag-ostern","tag-saharasand","tag-savanne","tag-schmetterlingsstanze"],"jetpack_featured_media_url":"","_links":{"self":[{"href":"http:\/\/stempelfee-jana.de\/index.php?rest_route=\/wp\/v2\/posts\/1806","targetHints":{"allow":["GET"]}}],"collection":[{"href":"http:\/\/stempelfee-jana.de\/index.php?rest_route=\/wp\/v2\/posts"}],"about":[{"href":"http:\/\/stempelfee-jana.de\/index.php?rest_route=\/wp\/v2\/types\/post"}],"author":[{"embeddable":true,"href":"http:\/\/stempelfee-jana.de\/index.php?rest_route=\/wp\/v2\/users\/1"}],"replies":[{"embeddable":true,"href":"http:\/\/stempelfee-jana.de\/index.php?rest_route=%2Fwp%2Fv2%2Fcomments&post=1806"}],"version-history":[{"count":0,"href":"http:\/\/stempelfee-jana.de\/index.php?rest_route=\/wp\/v2\/posts\/1806\/revisions"}],"wp:attachment":[{"href":"http:\/\/stempelfee-jana.de\/index.php?rest_route=%2Fwp%2Fv2%2Fmedia&parent=1806"}],"wp:term":[{"taxonomy":"category","embeddable":true,"href":"http:\/\/stempelfee-jana.de\/index.php?rest_route=%2Fwp%2Fv2%2Fcategories&post=1806"},{"taxonomy":"post_tag","embeddable":true,"href":"http:\/\/stempelfee-jana.de\/index.php?rest_route=%2Fwp%2Fv2%2Ftags&post=1806"}],"curies":[{"name":"wp","href":"https:\/\/api.w.org\/{rel}","templated":true}]}}