{"id":2674,"date":"2013-12-11T13:06:24","date_gmt":"2013-12-11T12:06:24","guid":{"rendered":"http:\/\/stempelfee.bastelblogs.de\/?p=2674"},"modified":"2013-12-11T13:06:24","modified_gmt":"2013-12-11T12:06:24","slug":"tuerchen-10","status":"publish","type":"post","link":"http:\/\/stempelfee-jana.de\/?p=2674","title":{"rendered":"T\u00fcrchen 10"},"content":{"rendered":"<h2 style=\"text-align: center\">T\u00fcr Nummer 10<\/h2>\n<p>Die Karte ist ein St\u00fcck Fotokarton in Aquamarin (14,5 cm x 21 cm und gefalzt bei 10,5 cm). Darauf liegt ein St\u00fcck Vanille Pur. Der Hintergrund ist eine Schablone und wurde eingef\u00e4rbt mit Versa Mark. Embosst habe ich das ganze dann mit wei\u00dfen Embossingpulver. Farblich untermalt habe ich die Sterne mit Aquamarin und einem kleinen Schw\u00e4mmchen. Der Spruch wurde in Chili auf ein 2,5 cm und 7,5 cm St\u00fcck Vanille Pur gestempelt.<br \/>\n<a href=\"http:\/\/stempelfee.bastelblogs.de\/files\/2013\/12\/DSCF0231.jpg\"><img loading=\"lazy\" decoding=\"async\" class=\"aligncenter size-medium wp-image-2675\" alt=\"DSCF0231\" src=\"http:\/\/stempelfee.bastelblogs.de\/files\/2013\/12\/DSCF0231-300x225.jpg\" width=\"300\" height=\"225\" srcset=\"http:\/\/stempelfee-jana.de\/wp-content\/uploads\/2013\/12\/DSCF0231-300x225.jpg 300w, http:\/\/stempelfee-jana.de\/wp-content\/uploads\/2013\/12\/DSCF0231.jpg 640w\" sizes=\"auto, (max-width: 300px) 100vw, 300px\" \/><\/a><br \/>\n<a href=\"http:\/\/stempelfee.bastelblogs.de\/files\/2013\/12\/DSCF0232.jpg\"><img loading=\"lazy\" decoding=\"async\" class=\"aligncenter size-medium wp-image-2676\" alt=\"DSCF0232\" src=\"http:\/\/stempelfee.bastelblogs.de\/files\/2013\/12\/DSCF0232-300x225.jpg\" width=\"300\" height=\"225\" srcset=\"http:\/\/stempelfee-jana.de\/wp-content\/uploads\/2013\/12\/DSCF0232-300x225.jpg 300w, http:\/\/stempelfee-jana.de\/wp-content\/uploads\/2013\/12\/DSCF0232.jpg 640w\" sizes=\"auto, (max-width: 300px) 100vw, 300px\" \/><\/a><br \/>\n<a href=\"http:\/\/stempelfee.bastelblogs.de\/files\/2013\/12\/DSCF0233.jpg\"><img loading=\"lazy\" decoding=\"async\" class=\"aligncenter size-medium wp-image-2677\" alt=\"DSCF0233\" src=\"http:\/\/stempelfee.bastelblogs.de\/files\/2013\/12\/DSCF0233-300x225.jpg\" width=\"300\" height=\"225\" \/><\/a>\ud83d\ude42 Vlg Jana<\/p>\n","protected":false},"excerpt":{"rendered":"<p>T\u00fcr Nummer 10 Die Karte ist ein St\u00fcck Fotokarton in Aquamarin (14,5 cm x 21 cm und gefalzt bei 10,5 cm). Darauf liegt ein St\u00fcck Vanille Pur. Der Hintergrund ist eine Schablone und wurde eingef\u00e4rbt mit Versa Mark. Embosst habe ich das ganze dann mit wei\u00dfen Embossingpulver. Farblich untermalt habe ich die Sterne mit Aquamarin [&hellip;]<\/p>\n","protected":false},"author":1,"featured_media":0,"comment_status":"open","ping_status":"open","sticky":false,"template":"","format":"standard","meta":{"footnotes":""},"categories":[2,14,21],"tags":[],"class_list":["post-2674","post","type-post","status-publish","format-standard","hentry","category-advent","category-neuigkeiten","category-weihnachtskarten"],"jetpack_featured_media_url":"","_links":{"self":[{"href":"http:\/\/stempelfee-jana.de\/index.php?rest_route=\/wp\/v2\/posts\/2674","targetHints":{"allow":["GET"]}}],"collection":[{"href":"http:\/\/stempelfee-jana.de\/index.php?rest_route=\/wp\/v2\/posts"}],"about":[{"href":"http:\/\/stempelfee-jana.de\/index.php?rest_route=\/wp\/v2\/types\/post"}],"author":[{"embeddable":true,"href":"http:\/\/stempelfee-jana.de\/index.php?rest_route=\/wp\/v2\/users\/1"}],"replies":[{"embeddable":true,"href":"http:\/\/stempelfee-jana.de\/index.php?rest_route=%2Fwp%2Fv2%2Fcomments&post=2674"}],"version-history":[{"count":0,"href":"http:\/\/stempelfee-jana.de\/index.php?rest_route=\/wp\/v2\/posts\/2674\/revisions"}],"wp:attachment":[{"href":"http:\/\/stempelfee-jana.de\/index.php?rest_route=%2Fwp%2Fv2%2Fmedia&parent=2674"}],"wp:term":[{"taxonomy":"category","embeddable":true,"href":"http:\/\/stempelfee-jana.de\/index.php?rest_route=%2Fwp%2Fv2%2Fcategories&post=2674"},{"taxonomy":"post_tag","embeddable":true,"href":"http:\/\/stempelfee-jana.de\/index.php?rest_route=%2Fwp%2Fv2%2Ftags&post=2674"}],"curies":[{"name":"wp","href":"https:\/\/api.w.org\/{rel}","templated":true}]}}