{"id":3094,"date":"2014-02-02T14:11:48","date_gmt":"2014-02-02T13:11:48","guid":{"rendered":"http:\/\/stempelfee.bastelblogs.de\/?p=3094"},"modified":"2014-02-02T14:11:48","modified_gmt":"2014-02-02T13:11:48","slug":"thinking-of-you","status":"publish","type":"post","link":"http:\/\/stempelfee-jana.de\/?p=3094","title":{"rendered":"Thinking of you"},"content":{"rendered":"<p>Hallo ihr lieben,<br \/>\ndie Tage habe ich meine neuen Sch\u00e4tze getestet und einige Karten gebastelt. Unteranderem kam diese tolle Karte dabei zu stande.<br \/>\n<a href=\"http:\/\/stempelfee.bastelblogs.de\/files\/2014\/02\/Feb-1-3.jpg\"><img loading=\"lazy\" decoding=\"async\" class=\"aligncenter size-full wp-image-3100\" alt=\"Feb 1 (3)\" src=\"http:\/\/stempelfee.bastelblogs.de\/files\/2014\/02\/Feb-1-3.jpg\" width=\"623\" height=\"480\" srcset=\"http:\/\/stempelfee-jana.de\/wp-content\/uploads\/2014\/02\/Feb-1-3.jpg 623w, http:\/\/stempelfee-jana.de\/wp-content\/uploads\/2014\/02\/Feb-1-3-300x231.jpg 300w\" sizes=\"auto, (max-width: 623px) 100vw, 623px\" \/><\/a><br \/>\nDer Hase ist aus dem Set <strong>Kleine ganz gro\u00df<\/strong> und ist zu finden im neuen Fr\u00fchjahr-\/ Sommerkatalog 2014 (S. 28).<br \/>\n<a href=\"http:\/\/stempelfee.bastelblogs.de\/files\/2014\/02\/Feb-1-7.jpg\"><img loading=\"lazy\" decoding=\"async\" class=\"aligncenter size-full wp-image-3104\" alt=\"Feb 1 (7)\" src=\"http:\/\/stempelfee.bastelblogs.de\/files\/2014\/02\/Feb-1-7.jpg\" width=\"640\" height=\"480\" srcset=\"http:\/\/stempelfee-jana.de\/wp-content\/uploads\/2014\/02\/Feb-1-7.jpg 640w, http:\/\/stempelfee-jana.de\/wp-content\/uploads\/2014\/02\/Feb-1-7-300x225.jpg 300w, http:\/\/stempelfee-jana.de\/wp-content\/uploads\/2014\/02\/Feb-1-7-624x468.jpg 624w\" sizes=\"auto, (max-width: 640px) 100vw, 640px\" \/><\/a><br \/>\n&nbsp;<br \/>\n<a href=\"http:\/\/stempelfee.bastelblogs.de\/files\/2014\/02\/Feb-1-1.jpg\"><img loading=\"lazy\" decoding=\"async\" class=\"aligncenter size-medium wp-image-3098\" alt=\"Feb 1 (1)\" src=\"http:\/\/stempelfee.bastelblogs.de\/files\/2014\/02\/Feb-1-1-300x225.jpg\" width=\"300\" height=\"225\" srcset=\"http:\/\/stempelfee-jana.de\/wp-content\/uploads\/2014\/02\/Feb-1-1-300x225.jpg 300w, http:\/\/stempelfee-jana.de\/wp-content\/uploads\/2014\/02\/Feb-1-1-624x468.jpg 624w, http:\/\/stempelfee-jana.de\/wp-content\/uploads\/2014\/02\/Feb-1-1.jpg 640w\" sizes=\"auto, (max-width: 300px) 100vw, 300px\" \/><\/a><br \/>\n<a href=\"http:\/\/stempelfee.bastelblogs.de\/files\/2014\/02\/Feb-1-6.jpg\"><img loading=\"lazy\" decoding=\"async\" class=\"aligncenter size-medium wp-image-3103\" alt=\"Feb 1 (6)\" src=\"http:\/\/stempelfee.bastelblogs.de\/files\/2014\/02\/Feb-1-6-300x225.jpg\" width=\"300\" height=\"225\" srcset=\"http:\/\/stempelfee-jana.de\/wp-content\/uploads\/2014\/02\/Feb-1-6-300x225.jpg 300w, http:\/\/stempelfee-jana.de\/wp-content\/uploads\/2014\/02\/Feb-1-6-624x468.jpg 624w, http:\/\/stempelfee-jana.de\/wp-content\/uploads\/2014\/02\/Feb-1-6.jpg 640w\" sizes=\"auto, (max-width: 300px) 100vw, 300px\" \/><\/a><br \/>\n<a href=\"http:\/\/stempelfee.bastelblogs.de\/files\/2014\/02\/Feb-1-2.jpg\"><img loading=\"lazy\" decoding=\"async\" class=\"aligncenter size-medium wp-image-3099\" alt=\"Feb 1 (2)\" src=\"http:\/\/stempelfee.bastelblogs.de\/files\/2014\/02\/Feb-1-2-300x228.jpg\" width=\"300\" height=\"228\" \/><\/a><br \/>\nS\u00fc\u00df oder? Habe mich voll verliebt in diesen kleinen Fratz :).<\/p>\n<h2 style=\"text-align: center\">SAB &#8211; Blog-Hop<\/h2>\n<p>Heute ist <a href=\"http:\/\/stempelherz.de\/7900\/geschenkset-suesse-sorbets-meine-sale-a-bration-teaminspiration\/\" target=\"_blank\" rel=\"noopener noreferrer\">Claudia<\/a> dran und morgen <a href=\"http:\/\/colorsandpaper.bastelblogs.de\/\" target=\"_blank\" rel=\"noopener noreferrer\">Waltraud<\/a>.<\/p>\n<p style=\"text-align: center\"><a href=\"http:\/\/stempelherz.de\/7900\/geschenkset-suesse-sorbets-meine-sale-a-bration-teaminspiration\/\" target=\"_blank\" rel=\"noopener noreferrer\"><img loading=\"lazy\" decoding=\"async\" class=\"alignnone size-full wp-image-12343 no-border\" alt=\"becht\" src=\"http:\/\/stempelwiese.de\/wp-content\/uploads\/2014\/01\/becht.png\" width=\"130\" height=\"142\" \/> <\/a><a href=\"http:\/\/colorsandpaper.bastelblogs.de\/\"><img loading=\"lazy\" decoding=\"async\" class=\"alignnone size-full wp-image-12357 no-border\" alt=\"kuehrmann\" src=\"http:\/\/stempelwiese.de\/wp-content\/uploads\/2014\/01\/kuehrmann.png\" width=\"130\" height=\"142\" \/> <\/a><\/p>\n<p style=\"text-align: left\">Nun w\u00fcnsche ich euch einen sch\u00f6nen Rest Sonntag. Genie\u00dft die Sonne ;).<\/p>\n<p style=\"text-align: left\">LG eure Jana \ud83d\ude42<\/p>\n","protected":false},"excerpt":{"rendered":"<p>Hallo ihr lieben, die Tage habe ich meine neuen Sch\u00e4tze getestet und einige Karten gebastelt. Unteranderem kam diese tolle Karte dabei zu stande. Der Hase ist aus dem Set Kleine ganz gro\u00df und ist zu finden im neuen Fr\u00fchjahr-\/ Sommerkatalog 2014 (S. 28). &nbsp; S\u00fc\u00df oder? Habe mich voll verliebt in diesen kleinen Fratz :). [&hellip;]<\/p>\n","protected":false},"author":1,"featured_media":0,"comment_status":"open","ping_status":"open","sticky":false,"template":"","format":"standard","meta":{"footnotes":""},"categories":[9,14,16],"tags":[],"class_list":["post-3094","post","type-post","status-publish","format-standard","hentry","category-grusskarten","category-neuigkeiten","category-sale-a-bration"],"jetpack_featured_media_url":"","_links":{"self":[{"href":"http:\/\/stempelfee-jana.de\/index.php?rest_route=\/wp\/v2\/posts\/3094","targetHints":{"allow":["GET"]}}],"collection":[{"href":"http:\/\/stempelfee-jana.de\/index.php?rest_route=\/wp\/v2\/posts"}],"about":[{"href":"http:\/\/stempelfee-jana.de\/index.php?rest_route=\/wp\/v2\/types\/post"}],"author":[{"embeddable":true,"href":"http:\/\/stempelfee-jana.de\/index.php?rest_route=\/wp\/v2\/users\/1"}],"replies":[{"embeddable":true,"href":"http:\/\/stempelfee-jana.de\/index.php?rest_route=%2Fwp%2Fv2%2Fcomments&post=3094"}],"version-history":[{"count":0,"href":"http:\/\/stempelfee-jana.de\/index.php?rest_route=\/wp\/v2\/posts\/3094\/revisions"}],"wp:attachment":[{"href":"http:\/\/stempelfee-jana.de\/index.php?rest_route=%2Fwp%2Fv2%2Fmedia&parent=3094"}],"wp:term":[{"taxonomy":"category","embeddable":true,"href":"http:\/\/stempelfee-jana.de\/index.php?rest_route=%2Fwp%2Fv2%2Fcategories&post=3094"},{"taxonomy":"post_tag","embeddable":true,"href":"http:\/\/stempelfee-jana.de\/index.php?rest_route=%2Fwp%2Fv2%2Ftags&post=3094"}],"curies":[{"name":"wp","href":"https:\/\/api.w.org\/{rel}","templated":true}]}}