{"id":4992,"date":"2016-12-21T08:58:50","date_gmt":"2016-12-21T07:58:50","guid":{"rendered":"http:\/\/stempelfee.bastelblogs.de\/?p=4992"},"modified":"2016-12-21T08:58:50","modified_gmt":"2016-12-21T07:58:50","slug":"kreativer-adventskalender-2016-tag-20","status":"publish","type":"post","link":"http:\/\/stempelfee-jana.de\/?p=4992","title":{"rendered":"Kreativer Adventskalender 2016 &#8211; Tag 20"},"content":{"rendered":"<p>Guten Morgen!<br \/>\nHeute ist Tag 20 meiner Serie und bis Heiligabend ist es nicht mehr lange hin. In den kommenden Tagen zeige ich euch nur noch Kartenideen.<br \/>\n<a href=\"http:\/\/stempelfee.bastelblogs.de\/files\/2016\/12\/KA-Tag-20.1.jpg\"><img loading=\"lazy\" decoding=\"async\" class=\"aligncenter size-large wp-image-4993\" src=\"http:\/\/stempelfee.bastelblogs.de\/files\/2016\/12\/KA-Tag-20.1-1024x575.jpg\" alt=\"\" width=\"625\" height=\"351\" \/><\/a>Erst hatte ich f\u00fcr diese Karte Weihnachtkugeln gedacht. Aber die waren einfach zu gro\u00df. <a href=\"http:\/\/stempelfee.bastelblogs.de\/files\/2016\/12\/KA-Tag-20.2.jpg\"><img loading=\"lazy\" decoding=\"async\" class=\"aligncenter size-large wp-image-4994\" src=\"http:\/\/stempelfee.bastelblogs.de\/files\/2016\/12\/KA-Tag-20.2-1024x575.jpg\" alt=\"\" width=\"625\" height=\"351\" \/><\/a> <a href=\"http:\/\/stempelfee.bastelblogs.de\/files\/2016\/12\/KA-Tag-20.3.jpg\"><img loading=\"lazy\" decoding=\"async\" class=\"aligncenter size-large wp-image-4995\" src=\"http:\/\/stempelfee.bastelblogs.de\/files\/2016\/12\/KA-Tag-20.3-1024x575.jpg\" alt=\"\" width=\"625\" height=\"351\" \/><\/a>Die Glocken aus dem Set Glockenl\u00e4uten und der passenden Stanze Gl\u00f6ckchen, haben genau die richtige Gr\u00f6\u00dfe.<a href=\"http:\/\/stempelfee.bastelblogs.de\/files\/2016\/12\/KA-Tag-20.4.jpg\"><img loading=\"lazy\" decoding=\"async\" class=\"aligncenter size-large wp-image-4996\" src=\"http:\/\/stempelfee.bastelblogs.de\/files\/2016\/12\/KA-Tag-20.4-1024x575.jpg\" alt=\"\" width=\"625\" height=\"351\" \/><\/a>Den Spruch habe ich mit goldenen Embossing Pulver embosst und mit der passenden Stanzform ausgestanzt. <a href=\"http:\/\/stempelfee.bastelblogs.de\/files\/2016\/12\/KA-Tag-20.5.jpg\"><img loading=\"lazy\" decoding=\"async\" class=\"aligncenter size-large wp-image-4997\" src=\"http:\/\/stempelfee.bastelblogs.de\/files\/2016\/12\/KA-Tag-20.5-1024x575.jpg\" alt=\"\" width=\"625\" height=\"351\" \/><\/a>Die kleinen Bl\u00fcten ausgestanzt mit der Boho-Bl\u00fctenstanze zieren den \u00dcbergang von der roten Karte auf das gr\u00fcne Designerpapier.<\/p>\n<blockquote><p>Verwendete Stampin\u00b4Up! Produkte:<\/p>\n<ul>\n<li>Farbkarton<strong> Glutrot \u2013 106578<br \/>\n<\/strong><\/li>\n<li>Farbkarton <strong>Fl\u00fcsterwei\u00df &#8211; 106549<\/strong><\/li>\n<li>Designerpapierset <strong>Es weihnachtet sehr &#8211; 141986<\/strong><\/li>\n<li>Stempelkissen<strong> Anthrazitgrau \u2013 140932<br \/>\n<\/strong><\/li>\n<li>Stempelkissen <strong>VersaMark &#8211; 102283<\/strong><\/li>\n<li>Embossing <strong>Buddy \u2013 103083<\/strong><\/li>\n<li>Framelits <strong>Bunter Banner &#8211; Mix &#8211; 141488<\/strong><\/li>\n<li>Stempelset\u00a0<strong>Glockenl\u00e4uten<\/strong><strong> \u2013 143130<\/strong><\/li>\n<li><strong>Stanze Gl\u00f6ckchen &#8211; 141846 <em>beides <\/em><\/strong><em><strong>auch als Bundel erh\u00e4ltlich f\u00fcr 40,50 \u20ac &#8211; 143534<br \/>\n<\/strong><\/em><\/li>\n<li><strong>stampin\u00b4 dimensionals \u2013 104430<\/strong><strong><br \/>\n<\/strong><\/li>\n<li>Akzente <strong>Brillantwei\u00df \u2013 138416<\/strong><\/li>\n<li><strong>Kordel im Dreierpack &#8211; 141999<\/strong><\/li>\n<\/ul>\n<h3><em>Alle aktuellen Stampin\u00b4Up! Produkte k\u00f6nnt ihr bei mir direkt bestellen!<\/em><\/h3>\n<\/blockquote>\n<p>andere verwendete Produkte:<\/p>\n<ul>\n<li>Designerpapier von SimonSaysStamp<\/li>\n<li>Embossing Pulver in Gold von SimonSaysStamp<\/li>\n<li>Misti<\/li>\n<li>Multi Medium Matte<\/li>\n<li>Stanzr\u00e4nder von LawnFawn<\/li>\n<li>Prickelnadel von Tonic-Tim Holz<\/li>\n<li>Prickelmatte<\/li>\n<\/ul>\n<p>Viel Spa\u00df beim anschauen &#x1f642;<br \/>\n<iframe loading=\"lazy\" title=\"Kreativer Adventskalender 2016 - Tag 20\/ Holiday Craft Series 2016 - Day 20\" width=\"625\" height=\"352\" src=\"https:\/\/www.youtube.com\/embed\/h7TkmdumW-I?feature=oembed\" frameborder=\"0\" allow=\"accelerometer; autoplay; clipboard-write; encrypted-media; gyroscope; picture-in-picture; web-share\" referrerpolicy=\"strict-origin-when-cross-origin\" allowfullscreen><\/iframe><br \/>\nIch w\u00fcnsche euch einen angenehmen Mittwoch,<br \/>\neure Jana \ud83d\ude42<\/p>\n","protected":false},"excerpt":{"rendered":"<p>Guten Morgen! Heute ist Tag 20 meiner Serie und bis Heiligabend ist es nicht mehr lange hin. In den kommenden Tagen zeige ich euch nur noch Kartenideen. Erst hatte ich f\u00fcr diese Karte Weihnachtkugeln gedacht. Aber die waren einfach zu gro\u00df. Die Glocken aus dem Set Glockenl\u00e4uten und der passenden Stanze Gl\u00f6ckchen, haben genau die [&hellip;]<\/p>\n","protected":false},"author":1,"featured_media":0,"comment_status":"open","ping_status":"open","sticky":false,"template":"","format":"standard","meta":{"footnotes":""},"categories":[2,3,14,20,21],"tags":[],"class_list":["post-4992","post","type-post","status-publish","format-standard","hentry","category-advent","category-aktion","category-neuigkeiten","category-weihnachten","category-weihnachtskarten"],"jetpack_featured_media_url":"","_links":{"self":[{"href":"http:\/\/stempelfee-jana.de\/index.php?rest_route=\/wp\/v2\/posts\/4992","targetHints":{"allow":["GET"]}}],"collection":[{"href":"http:\/\/stempelfee-jana.de\/index.php?rest_route=\/wp\/v2\/posts"}],"about":[{"href":"http:\/\/stempelfee-jana.de\/index.php?rest_route=\/wp\/v2\/types\/post"}],"author":[{"embeddable":true,"href":"http:\/\/stempelfee-jana.de\/index.php?rest_route=\/wp\/v2\/users\/1"}],"replies":[{"embeddable":true,"href":"http:\/\/stempelfee-jana.de\/index.php?rest_route=%2Fwp%2Fv2%2Fcomments&post=4992"}],"version-history":[{"count":0,"href":"http:\/\/stempelfee-jana.de\/index.php?rest_route=\/wp\/v2\/posts\/4992\/revisions"}],"wp:attachment":[{"href":"http:\/\/stempelfee-jana.de\/index.php?rest_route=%2Fwp%2Fv2%2Fmedia&parent=4992"}],"wp:term":[{"taxonomy":"category","embeddable":true,"href":"http:\/\/stempelfee-jana.de\/index.php?rest_route=%2Fwp%2Fv2%2Fcategories&post=4992"},{"taxonomy":"post_tag","embeddable":true,"href":"http:\/\/stempelfee-jana.de\/index.php?rest_route=%2Fwp%2Fv2%2Ftags&post=4992"}],"curies":[{"name":"wp","href":"https:\/\/api.w.org\/{rel}","templated":true}]}}